{"id":5612,"date":"2015-06-30T09:28:02","date_gmt":"2015-06-30T07:28:02","guid":{"rendered":"https:\/\/blog.rwth-aachen.de\/lehre\/?p=5612"},"modified":"2015-07-01T08:22:22","modified_gmt":"2015-07-01T06:22:22","slug":"talk-lehre-2015","status":"publish","type":"post","link":"https:\/\/blog.rwth-aachen.de\/lehre\/2015\/06\/30\/talk-lehre-2015\/","title":{"rendered":"F\u00fcnf Jahre Talk Lehre &#8211; Studierendenrekord und neue Impulse f\u00fcr eine hohe Qualit\u00e4t der Lehre"},"content":{"rendered":"<div id=\"attachment_5613\" style=\"width: 360px\" class=\"wp-caption alignright\"><a href=\"https:\/\/blog.rwth-aachen.de\/lehre\/files\/2015\/06\/AS_Talk_32_Schmitter.jpg\"><img loading=\"lazy\" decoding=\"async\" aria-describedby=\"caption-attachment-5613\" class=\"wp-image-5613\" src=\"https:\/\/blog.rwth-aachen.de\/lehre\/files\/2015\/06\/AS_Talk_32_Schmitter-300x195.jpg\" alt=\"AS_Talk_32_Schmitter\" width=\"350\" height=\"227\" srcset=\"https:\/\/blog.rwth-aachen.de\/lehre\/files\/2015\/06\/AS_Talk_32_Schmitter-300x195.jpg 300w, https:\/\/blog.rwth-aachen.de\/lehre\/files\/2015\/06\/AS_Talk_32_Schmitter.jpg 1000w\" sizes=\"auto, (max-width: 350px) 100vw, 350px\" \/><\/a><p id=\"caption-attachment-5613\" class=\"wp-caption-text\">Foto: Andreas Schmitter<\/p><\/div>\n<p>Der Talk Lehre feierte in diesem Jahr sein f\u00fcnfj\u00e4hriges Jubil\u00e4um. Professor Schmachtenberg, Rektor der RWTH, und Herr Kiesel, Vorsitzender des AStA, begr\u00fc\u00dften rund 200 interessierte Teilnehmerinnen und Teilnehmer.<\/p>\n<p>Nach einem \u00dcberblick \u00fcber die angesichts der steigenden Studierendenzahlen aktuellen Herausforderungen in der Lehre an der Hochschule wurden die Bestandteile und Funktionsweisen eines Qualit\u00e4tsmanagementsystems f\u00fcr die Lehre vorgestellt. Der erste Teil der Veranstaltung wurde durch Beitr\u00e4ge zu gewonnenen Wettbewerben in den Bereichen der Studieneingangsphase, der Lehrerbildung und der Digitalisierung erg\u00e4nzt.<\/p>\n<p>Bei der anschlie\u00dfenden Posterausstellung konnten sich die Teilnehmerinnen und Teilnehmer \u00fcber 24 ausgew\u00e4hlte Projekte zum Thema Lehre an der RWTH Aachen informieren und \u00fcber die aktuelle Entwicklungen austauschen<\/p>\n<p>Im zweiten Teil des Talk Lehre wurde das Angebot der Service-Einheit <em>Medien f\u00fcr die Lehre<\/em> vorgestellt und Lehrende der RWTH pr\u00e4sentierten ihre Best Practices.<\/p>\n<p>Ausf\u00fchrliche Informationen zum Talk Lehre 2015\u00a0finden Sie\u00a0auf der Webseite <a href=\"http:\/\/www.rwth-aachen.de\/cms\/root\/Studium\/Lehre\/Exzellente-Lehre\/Talk-Lehre\/~ikwf\/Talk-Lehre-2015\/\" target=\"_blank\">www.rwth-aachen.de\/talklehre<\/a>.<\/p>\n<p>Der n\u00e4chste Talk Lehre findet am <strong>29.06.2016<\/strong> statt.<\/p>\n<div class=\"twoclick_social_bookmarks_post_5612 social_share_privacy clearfix 1.6.4 locale-de_DE sprite-de_DE\"><\/div><div class=\"twoclick-js\"><script type=\"text\/javascript\">\/* <![CDATA[ *\/\njQuery(document).ready(function($){if($('.twoclick_social_bookmarks_post_5612')){$('.twoclick_social_bookmarks_post_5612').socialSharePrivacy({\"services\":{\"facebook\":{\"status\":\"on\",\"txt_info\":\"2 Klicks f\\u00fcr mehr Datenschutz: Erst wenn Sie hier klicken, wird der Button aktiv und Sie k\\u00f6nnen Ihre Empfehlung an Facebook senden. Schon beim Aktivieren werden Daten an Dritte \\u00fcbertragen - siehe <em>i<\\\/em>.\",\"perma_option\":\"off\",\"action\":\"like\",\"language\":\"de_DE\"},\"twitter\":{\"reply_to\":\"\",\"tweet_text\":\"%20F%C3%BCnf%20Jahre%20Talk%20Lehre%20%E2%80%93%20Studierendenrekord%20und%20neue%20Impulse%20f%C3%BCr%20eine%20...\",\"status\":\"on\",\"txt_info\":\"2 Klicks f\\u00fcr mehr Datenschutz: Erst wenn Sie hier klicken, wird der Button aktiv und Sie k\\u00f6nnen Ihre Empfehlung an Twitter senden. Schon beim Aktivieren werden Daten an Dritte \\u00fcbertragen - siehe <em>i<\\\/em>.\",\"perma_option\":\"off\",\"language\":\"de\",\"referrer_track\":\"\"},\"gplus\":{\"status\":\"on\",\"txt_info\":\"2 Klicks f\\u00fcr mehr Datenschutz: Erst wenn Sie hier klicken, wird der Button aktiv und Sie k\\u00f6nnen Ihre Empfehlung an Google+ senden. Schon beim Aktivieren werden Daten an Dritte \\u00fcbertragen - siehe <em>i<\\\/em>.\",\"perma_option\":\"off\",\"referrer_track\":\"\"},\"pinterest\":{\"status\":\"on\",\"the_excerpt\":\"F\\u00fcnf Jahre Talk Lehre &#8211; Studierendenrekord und neue Impulse f\\u00fcr eine hohe Qualit\\u00e4t der Lehre\",\"txt_info\":\"2 Klicks f\\u00fcr mehr Datenschutz: Erst wenn Sie hier klicken, wird der Button aktiv und Sie k\\u00f6nnen Ihre Empfehlung an Pinterest senden. Schon beim Aktivieren werden Daten an Dritte \\u00fcbertragen - siehe <em>i<\\\/em>.\",\"perma_option\":\"off\",\"media\":\"https:\\\/\\\/blog.rwth-aachen.de\\\/lehre\\\/files\\\/2015\\\/06\\\/AS_Talk_32_Schmitter.jpg\"}},\"txt_help\":\"Wenn Sie diese Felder durch einen Klick aktivieren, werden Informationen an Facebook, Twitter, Flattr, Xing, t3n, LinkedIn, Pinterest oder Google eventuell ins Ausland \\u00fcbertragen und unter Umst\\u00e4nden auch dort gespeichert. N\\u00e4heres erfahren Sie durch einen Klick auf das <em>i<\\\/em>.\",\"settings_perma\":\"Dauerhaft aktivieren und Daten\\u00fcber-tragung zustimmen:\",\"info_link\":\"http:\\\/\\\/www.heise.de\\\/ct\\\/artikel\\\/2-Klicks-fuer-mehr-Datenschutz-1333879.html\",\"uri\":\"https:\\\/\\\/blog.rwth-aachen.de\\\/lehre\\\/2015\\\/06\\\/30\\\/talk-lehre-2015\\\/\",\"post_id\":5612,\"post_title_referrer_track\":\"F%C3%BCnf+Jahre+Talk+Lehre+%26%238211%3B+Studierendenrekord+und+neue+Impulse+f%C3%BCr+eine+hohe+Qualit%C3%A4t+der+Lehre\",\"display_infobox\":\"on\"});}});\n\/* ]]> *\/<\/script><\/div>","protected":false},"excerpt":{"rendered":"<p>Der Talk Lehre feierte in diesem Jahr sein f\u00fcnfj\u00e4hriges Jubil\u00e4um. Professor Schmachtenberg, Rektor der RWTH, und Herr Kiesel, Vorsitzender des AStA, begr\u00fc\u00dften rund 200 interessierte Teilnehmerinnen und Teilnehmer. Nach einem [&hellip;]<\/p>\n","protected":false},"author":84,"featured_media":0,"comment_status":"open","ping_status":"open","sticky":false,"template":"","format":"standard","meta":{"c2c_always_allow_admin_comments":false,"footnotes":""},"categories":[1,6,5,148],"tags":[41,614,889],"class_list":["post-5612","post","type-post","status-publish","format-standard","hentry","category-allgemein","category-best-practice","category-e-learning-and-e-teaching","category-fvs","tag-lehre","tag-rwth-aachen","tag-talk-lehre"],"_links":{"self":[{"href":"https:\/\/blog.rwth-aachen.de\/lehre\/wp-json\/wp\/v2\/posts\/5612","targetHints":{"allow":["GET"]}}],"collection":[{"href":"https:\/\/blog.rwth-aachen.de\/lehre\/wp-json\/wp\/v2\/posts"}],"about":[{"href":"https:\/\/blog.rwth-aachen.de\/lehre\/wp-json\/wp\/v2\/types\/post"}],"author":[{"embeddable":true,"href":"https:\/\/blog.rwth-aachen.de\/lehre\/wp-json\/wp\/v2\/users\/84"}],"replies":[{"embeddable":true,"href":"https:\/\/blog.rwth-aachen.de\/lehre\/wp-json\/wp\/v2\/comments?post=5612"}],"version-history":[{"count":6,"href":"https:\/\/blog.rwth-aachen.de\/lehre\/wp-json\/wp\/v2\/posts\/5612\/revisions"}],"predecessor-version":[{"id":5645,"href":"https:\/\/blog.rwth-aachen.de\/lehre\/wp-json\/wp\/v2\/posts\/5612\/revisions\/5645"}],"wp:attachment":[{"href":"https:\/\/blog.rwth-aachen.de\/lehre\/wp-json\/wp\/v2\/media?parent=5612"}],"wp:term":[{"taxonomy":"category","embeddable":true,"href":"https:\/\/blog.rwth-aachen.de\/lehre\/wp-json\/wp\/v2\/categories?post=5612"},{"taxonomy":"post_tag","embeddable":true,"href":"https:\/\/blog.rwth-aachen.de\/lehre\/wp-json\/wp\/v2\/tags?post=5612"}],"curies":[{"name":"wp","href":"https:\/\/api.w.org\/{rel}","templated":true}]}}