{"id":7045,"date":"2016-05-27T09:33:31","date_gmt":"2016-05-27T07:33:31","guid":{"rendered":"https:\/\/blog.rwth-aachen.de\/lehre\/?p=7045"},"modified":"2016-05-25T14:38:54","modified_gmt":"2016-05-25T12:38:54","slug":"dhd-konferenz-in-bern-zum-thema-digitale-nachhaltigkeit-call-for-papers","status":"publish","type":"post","link":"https:\/\/blog.rwth-aachen.de\/lehre\/2016\/05\/27\/dhd-konferenz-in-bern-zum-thema-digitale-nachhaltigkeit-call-for-papers\/","title":{"rendered":"DHd-Konferenz in Bern zum Thema \u201eDigitale Nachhaltigkeit\u201c: Call for Papers"},"content":{"rendered":"<p><a href=\"https:\/\/blog.rwth-aachen.de\/lehre\/files\/2016\/05\/DHd-300x51.png\" rel=\"attachment wp-att-7046\"><img loading=\"lazy\" decoding=\"async\" class=\"size-medium wp-image-7046 alignleft\" src=\"https:\/\/blog.rwth-aachen.de\/lehre\/files\/2016\/05\/DHd-300x51-300x51.png\" alt=\"DHd-300x51\" width=\"300\" height=\"51\" \/><\/a><\/p>\n<p>&nbsp;<\/p>\n<p>Die <a href=\"http:\/\/www.dhd2017.ch\/calls\" target=\"_blank\">4. Digital Humanities im deutschsprachigen Raum<\/a> findet vom 13. bis 18. Februar 2017 an der Universit\u00e4t Bern statt. Thema der Konferenz ist die \u201eDigitale Nachhaltigkeit\u201c.<\/p>\n<p>Interessierte k\u00f6nnen jetzt Abstracts in den Kategorien Vortrag, Poster und Panel sowie Vorschl\u00e4ge f\u00fcr die am 13. und 14. Februar 2017 geplanten Workshops einreichen. Eine Einsendung daf\u00fcr ist bis zum 1. August 2016 m\u00f6glich.<\/p>\n<p><strong>Langfristige Sicherung wissenschaftlicher Erkenntnisse<\/strong><\/p>\n<p>Digitale Nachhaltigkeit steht f\u00fcr einen langfristig zug\u00e4nglichen und ressourcenschonenden Einsatz digitaler Wissensg\u00fcter. Denn das Konzept der nachhaltigen Entwicklung hat zwar schon lange Eingang in die weltweite Diskussion um Schutz und Stabilit\u00e4t der nat\u00fcrlichen und sozialen Umwelt gefunden, es ist aber auch f\u00fcr digitale Kontexte von grundlegender Relevanz. Dabei spielen die spezifischen Bedingungen der Nutzung und Konservierung digitaler G\u00fcter eine besondere Rolle. F\u00fcr die langfristige Sicherung digitaler Daten und wissenschaftlicher Erkenntnisse besteht angesichts schnelllebiger technischer Entwicklungen ein grunds\u00e4tzlicher Bedarf, der von allen Beteiligten Reflexion, Handeln und Koordination erfordert.<\/p>\n<p>Im Rahmen der Tagung sollen daher unter anderem folgende Fragen besprochen werden:<\/p>\n<ul>\n<li>Welche technischen M\u00f6glichkeiten stehen f\u00fcr die nachhaltige Sicherung digitaler G\u00fcter zur Verf\u00fcgung?<\/li>\n<li>Welche Voraussetzungen und Entwicklungsm\u00f6glichkeiten f\u00fcr nachhaltige Nutzung bergen Software und Markup-Sprachen?<\/li>\n<li>Welche Erfahrungen, Erfolge und Bed\u00fcrfnisse gibt es in Bezug auf die kooperative Erarbeitung von Datenstandards in den digitalen Geisteswissenschaften?<\/li>\n<li>Wie verhalten sich Projekte und Plattformen in den Geisteswissenschaften (z.B. Editionen, Datenbanken) zu Fragen der Langzeitsicherung?<\/li>\n<li>Welche konkreten institutionellen Voraussetzungen und Initiativen f\u00fcr digitale Nachhaltigkeit bestehen in den deutschsprachigen L\u00e4ndern sowie in den jeweiligen nationalen und internationalen Kontexten?<\/li>\n<li>Wie sollen tragf\u00e4hige Konzepte der digitalen Nachhaltigkeit im Wissenschaftsbetrieb aussehen? In welchem Verh\u00e4ltnis stehen sie zu Konzepten wie Open Science, Open Data, Open Access auf der einen und den Verwertungsinteressen von Forschenden und kommerziellen Akteuren auf der anderen Seite?<\/li>\n<li>Wie l\u00e4sst sich der Ursprung der Daten bis zu ihrer Entstehung zur\u00fcckverfolgen und damit deren Authentizit\u00e4t, Verl\u00e4sslichkeit und Integrit\u00e4t gew\u00e4hrleisten?<\/li>\n<li>Welche Rollen kommen den traditionellen Ged\u00e4chtnisinstitutionen (z.B. Archiven, Bibliotheken, Museen) bei der Sicherung der digitalen Nachhaltigkeit zu? Welche Kooperationserfahrungen gibt es?<\/li>\n<\/ul>\n<p>Unabh\u00e4ngig von dieser Schwerpunktsetzung sind aber auch Beitr\u00e4ge zu allen Bereichen der digitalen Geisteswissenschaften willkommen.<\/p>\n<div class=\"twoclick_social_bookmarks_post_7045 social_share_privacy clearfix 1.6.4 locale-de_DE sprite-de_DE\"><\/div><div class=\"twoclick-js\"><script type=\"text\/javascript\">\/* <![CDATA[ *\/\njQuery(document).ready(function($){if($('.twoclick_social_bookmarks_post_7045')){$('.twoclick_social_bookmarks_post_7045').socialSharePrivacy({\"services\":{\"facebook\":{\"status\":\"on\",\"txt_info\":\"2 Klicks f\\u00fcr mehr Datenschutz: Erst wenn Sie hier klicken, wird der Button aktiv und Sie k\\u00f6nnen Ihre Empfehlung an Facebook senden. Schon beim Aktivieren werden Daten an Dritte \\u00fcbertragen - siehe <em>i<\\\/em>.\",\"perma_option\":\"off\",\"action\":\"like\",\"language\":\"de_DE\"},\"twitter\":{\"reply_to\":\"\",\"tweet_text\":\"%20DHd-Konferenz%20in%20Bern%20zum%20Thema%20%E2%80%9EDigitale%20Nachhaltigkeit%E2%80%9C%3A%20Call%20for%20...\",\"status\":\"on\",\"txt_info\":\"2 Klicks f\\u00fcr mehr Datenschutz: Erst wenn Sie hier klicken, wird der Button aktiv und Sie k\\u00f6nnen Ihre Empfehlung an Twitter senden. Schon beim Aktivieren werden Daten an Dritte \\u00fcbertragen - siehe <em>i<\\\/em>.\",\"perma_option\":\"off\",\"language\":\"de\",\"referrer_track\":\"\"},\"gplus\":{\"status\":\"on\",\"txt_info\":\"2 Klicks f\\u00fcr mehr Datenschutz: Erst wenn Sie hier klicken, wird der Button aktiv und Sie k\\u00f6nnen Ihre Empfehlung an Google+ senden. Schon beim Aktivieren werden Daten an Dritte \\u00fcbertragen - siehe <em>i<\\\/em>.\",\"perma_option\":\"off\",\"referrer_track\":\"\"},\"pinterest\":{\"status\":\"on\",\"the_excerpt\":\"DHd-Konferenz in Bern zum Thema \\u201eDigitale Nachhaltigkeit\\u201c: Call for Papers\",\"txt_info\":\"2 Klicks f\\u00fcr mehr Datenschutz: Erst wenn Sie hier klicken, wird der Button aktiv und Sie k\\u00f6nnen Ihre Empfehlung an Pinterest senden. Schon beim Aktivieren werden Daten an Dritte \\u00fcbertragen - siehe <em>i<\\\/em>.\",\"perma_option\":\"off\",\"media\":\"https:\\\/\\\/blog.rwth-aachen.de\\\/lehre\\\/files\\\/2016\\\/05\\\/DHd.png\"}},\"txt_help\":\"Wenn Sie diese Felder durch einen Klick aktivieren, werden Informationen an Facebook, Twitter, Flattr, Xing, t3n, LinkedIn, Pinterest oder Google eventuell ins Ausland \\u00fcbertragen und unter Umst\\u00e4nden auch dort gespeichert. N\\u00e4heres erfahren Sie durch einen Klick auf das <em>i<\\\/em>.\",\"settings_perma\":\"Dauerhaft aktivieren und Daten\\u00fcber-tragung zustimmen:\",\"info_link\":\"http:\\\/\\\/www.heise.de\\\/ct\\\/artikel\\\/2-Klicks-fuer-mehr-Datenschutz-1333879.html\",\"uri\":\"https:\\\/\\\/blog.rwth-aachen.de\\\/lehre\\\/2016\\\/05\\\/27\\\/dhd-konferenz-in-bern-zum-thema-digitale-nachhaltigkeit-call-for-papers\\\/\",\"post_id\":7045,\"post_title_referrer_track\":\"DHd-Konferenz+in+Bern+zum+Thema+%E2%80%9EDigitale+Nachhaltigkeit%E2%80%9C%3A+Call+for+Papers\",\"display_infobox\":\"on\"});}});\n\/* ]]> *\/<\/script><\/div>","protected":false},"excerpt":{"rendered":"<p>&nbsp; Die 4. Digital Humanities im deutschsprachigen Raum findet vom 13. bis 18. Februar 2017 an der Universit\u00e4t Bern statt. Thema der Konferenz ist die \u201eDigitale Nachhaltigkeit\u201c. Interessierte k\u00f6nnen jetzt [&hellip;]<\/p>\n","protected":false},"author":497,"featured_media":0,"comment_status":"open","ping_status":"open","sticky":false,"template":"","format":"standard","meta":{"c2c_always_allow_admin_comments":false,"footnotes":""},"categories":[4],"tags":[626,157,109,46],"class_list":["post-7045","post","type-post","status-publish","format-standard","hentry","category-news-and-trends","tag-digitalisierung","tag-konferenz","tag-weiterbildung","tag-workshop"],"_links":{"self":[{"href":"https:\/\/blog.rwth-aachen.de\/lehre\/wp-json\/wp\/v2\/posts\/7045","targetHints":{"allow":["GET"]}}],"collection":[{"href":"https:\/\/blog.rwth-aachen.de\/lehre\/wp-json\/wp\/v2\/posts"}],"about":[{"href":"https:\/\/blog.rwth-aachen.de\/lehre\/wp-json\/wp\/v2\/types\/post"}],"author":[{"embeddable":true,"href":"https:\/\/blog.rwth-aachen.de\/lehre\/wp-json\/wp\/v2\/users\/497"}],"replies":[{"embeddable":true,"href":"https:\/\/blog.rwth-aachen.de\/lehre\/wp-json\/wp\/v2\/comments?post=7045"}],"version-history":[{"count":7,"href":"https:\/\/blog.rwth-aachen.de\/lehre\/wp-json\/wp\/v2\/posts\/7045\/revisions"}],"predecessor-version":[{"id":7053,"href":"https:\/\/blog.rwth-aachen.de\/lehre\/wp-json\/wp\/v2\/posts\/7045\/revisions\/7053"}],"wp:attachment":[{"href":"https:\/\/blog.rwth-aachen.de\/lehre\/wp-json\/wp\/v2\/media?parent=7045"}],"wp:term":[{"taxonomy":"category","embeddable":true,"href":"https:\/\/blog.rwth-aachen.de\/lehre\/wp-json\/wp\/v2\/categories?post=7045"},{"taxonomy":"post_tag","embeddable":true,"href":"https:\/\/blog.rwth-aachen.de\/lehre\/wp-json\/wp\/v2\/tags?post=7045"}],"curies":[{"name":"wp","href":"https:\/\/api.w.org\/{rel}","templated":true}]}}