{"id":7394,"date":"2016-07-28T11:10:07","date_gmt":"2016-07-28T09:10:07","guid":{"rendered":"https:\/\/blog.rwth-aachen.de\/lehre\/?p=7394"},"modified":"2016-07-27T14:27:14","modified_gmt":"2016-07-27T12:27:14","slug":"jahresgespraeche-2016","status":"publish","type":"post","link":"https:\/\/blog.rwth-aachen.de\/lehre\/2016\/07\/28\/jahresgespraeche-2016\/","title":{"rendered":"Jahresgespr\u00e4che 2016"},"content":{"rendered":"<div id=\"attachment_7398\" style=\"width: 310px\" class=\"wp-caption alignright\"><a href=\"https:\/\/blog.rwth-aachen.de\/lehre\/files\/2016\/07\/Studierende_Bibliothek.jpg\"><img loading=\"lazy\" decoding=\"async\" aria-describedby=\"caption-attachment-7398\" class=\"wp-image-7398 size-medium\" src=\"https:\/\/blog.rwth-aachen.de\/lehre\/files\/2016\/07\/Studierende_Bibliothek-300x200.jpg\" alt=\"Studierende in der Bibliothek\" width=\"300\" height=\"200\" srcset=\"https:\/\/blog.rwth-aachen.de\/lehre\/files\/2016\/07\/Studierende_Bibliothek-300x200.jpg 300w, https:\/\/blog.rwth-aachen.de\/lehre\/files\/2016\/07\/Studierende_Bibliothek-768x512.jpg 768w, https:\/\/blog.rwth-aachen.de\/lehre\/files\/2016\/07\/Studierende_Bibliothek-1024x683.jpg 1024w\" sizes=\"auto, (max-width: 300px) 100vw, 300px\" \/><\/a><p id=\"caption-attachment-7398\" class=\"wp-caption-text\">Foto: Peter Winandy<\/p><\/div>\n<p>Seit einigen Jahren werden an der RWTH Aachen die Jahresgespr\u00e4che des Prorektors f\u00fcr Lehre mit den Fachschaften und Fakult\u00e4tsleitungen durchgef\u00fchrt. Sie dienen einem regelm\u00e4\u00dfigen Austausch, inwiefern die vereinbarten Ma\u00dfnahmen erreicht beziehungsweise Ma\u00dfnahmenabweichungen festgestellt werden k\u00f6nnen.<\/p>\n<p>Die diesj\u00e4hrigen Gespr\u00e4che fanden im Februar (Fachschaften) und April\/Mai (Fakult\u00e4ten) statt. Besprochen wurden unter anderem die Studienverl\u00e4ufe mit quantitativen Daten \u2013 etwa Studienverlaufsdaten, Absolventenquoten, Credit Point-Erreichung, Bestehensquoten, \u00dcbergangsquoten BA-MA, Vergleich B.Sc.\/M.Sc. Abschlussnoten, Einschreibungen Diplom- und Magisterstudierende \u2013 sowie mit qualitativen Daten aus der studentischen Lehrveranstaltungsbewertung, StOEHn und der Absolventenbefragung. Dar\u00fcber hinaus wurde \u00fcber die Studieng\u00e4nge, \u00fcber fachschaftsspezifische Themen sowie mit den Fakult\u00e4ten zu den Schwerpunktthemen HSP-Mittelverausgabung und QVM-Verausgabung gesprochen. Die Fachschaften und Fakult\u00e4ten haben im Nachgang der Gespr\u00e4che eine Liste mit den vereinbarten Ma\u00dfnahmen erhalten.<\/p>\n<p><strong>Pr\u00e4sentation der Gesamtbetrachtung<\/strong><\/p>\n<p>Eine zusammenfassende Gesamtbetrachtung der Ergebnisse der Jahresgespr\u00e4che wurde am 12. Juli 2016 vom Prorektor f\u00fcr Lehre im Rektorat pr\u00e4sentiert. Insgesamt ist\u00a0unter anderem positiv hervorzuheben, dass es mittlerweile in fast allen Fakult\u00e4ten regelm\u00e4\u00dfige Gespr\u00e4che zwischen den Dekanaten und Fachschaften gibt. Die Fakult\u00e4ten sind mittlerweile f\u00fcr Themen im Bereich Lehre sensibilisiert, so dass im zur\u00fcckliegenden Jahr eine Reihe von Best Practice-Beispiele in den Fakult\u00e4ten entwickelt wurden. Viele Ma\u00dfnahmen der Fakult\u00e4ten (zum Beispiel Einrichtung eines NC, Umstrukturierung von Studieng\u00e4ngen) zeigen Wirkung. Die Quoten liegen in vielen Studieng\u00e4ngen bereits auf einem guten Niveau beziehungsweise bewegen sich in die richtige Richtung. Gleichzeitig gibt es in vielen Fakult\u00e4ten Ideen f\u00fcr neue innovative (internationale) Studieng\u00e4nge.<\/p>\n<p>Herausforderungen bestehen\u00a0unter anderem in der weiteren Flexibilisierung des Studiums, bei den Teilnehmerquoten in den Klausuren, dem Ausbau der Lernr\u00e4ume und Arbeitspl\u00e4tze f\u00fcr Studierende beziehungsweise der besseren Information der Studierenden sowie der Optimierung von Prozessen im Bereich Lehre.<\/p>\n<div class=\"twoclick_social_bookmarks_post_7394 social_share_privacy clearfix 1.6.4 locale-de_DE sprite-de_DE\"><\/div><div class=\"twoclick-js\"><script type=\"text\/javascript\">\/* <![CDATA[ *\/\njQuery(document).ready(function($){if($('.twoclick_social_bookmarks_post_7394')){$('.twoclick_social_bookmarks_post_7394').socialSharePrivacy({\"services\":{\"facebook\":{\"status\":\"on\",\"txt_info\":\"2 Klicks f\\u00fcr mehr Datenschutz: Erst wenn Sie hier klicken, wird der Button aktiv und Sie k\\u00f6nnen Ihre Empfehlung an Facebook senden. Schon beim Aktivieren werden Daten an Dritte \\u00fcbertragen - siehe <em>i<\\\/em>.\",\"perma_option\":\"off\",\"action\":\"like\",\"language\":\"de_DE\"},\"twitter\":{\"reply_to\":\"\",\"tweet_text\":\"%20Jahresgespr%C3%A4che%202016%20%C2%BB%20Logbuch%20Lehre%20%23Jahresgespr%C3%A4che%20...\",\"status\":\"on\",\"txt_info\":\"2 Klicks f\\u00fcr mehr Datenschutz: Erst wenn Sie hier klicken, wird der Button aktiv und Sie k\\u00f6nnen Ihre Empfehlung an Twitter senden. Schon beim Aktivieren werden Daten an Dritte \\u00fcbertragen - siehe <em>i<\\\/em>.\",\"perma_option\":\"off\",\"language\":\"de\",\"referrer_track\":\"\"},\"gplus\":{\"status\":\"on\",\"txt_info\":\"2 Klicks f\\u00fcr mehr Datenschutz: Erst wenn Sie hier klicken, wird der Button aktiv und Sie k\\u00f6nnen Ihre Empfehlung an Google+ senden. Schon beim Aktivieren werden Daten an Dritte \\u00fcbertragen - siehe <em>i<\\\/em>.\",\"perma_option\":\"off\",\"referrer_track\":\"\"},\"pinterest\":{\"status\":\"on\",\"the_excerpt\":\"Jahresgespr\\u00e4che 2016\",\"txt_info\":\"2 Klicks f\\u00fcr mehr Datenschutz: Erst wenn Sie hier klicken, wird der Button aktiv und Sie k\\u00f6nnen Ihre Empfehlung an Pinterest senden. Schon beim Aktivieren werden Daten an Dritte \\u00fcbertragen - siehe <em>i<\\\/em>.\",\"perma_option\":\"off\",\"media\":\"https:\\\/\\\/blog.rwth-aachen.de\\\/lehre\\\/files\\\/2016\\\/07\\\/Studierende_Bibliothek.jpg\"}},\"txt_help\":\"Wenn Sie diese Felder durch einen Klick aktivieren, werden Informationen an Facebook, Twitter, Flattr, Xing, t3n, LinkedIn, Pinterest oder Google eventuell ins Ausland \\u00fcbertragen und unter Umst\\u00e4nden auch dort gespeichert. N\\u00e4heres erfahren Sie durch einen Klick auf das <em>i<\\\/em>.\",\"settings_perma\":\"Dauerhaft aktivieren und Daten\\u00fcber-tragung zustimmen:\",\"info_link\":\"http:\\\/\\\/www.heise.de\\\/ct\\\/artikel\\\/2-Klicks-fuer-mehr-Datenschutz-1333879.html\",\"uri\":\"https:\\\/\\\/blog.rwth-aachen.de\\\/lehre\\\/2016\\\/07\\\/28\\\/jahresgespraeche-2016\\\/\",\"post_id\":7394,\"post_title_referrer_track\":\"Jahresgespr%C3%A4che+2016\",\"display_infobox\":\"on\"});}});\n\/* ]]> *\/<\/script><\/div>","protected":false},"excerpt":{"rendered":"<p>Seit einigen Jahren werden an der RWTH Aachen die Jahresgespr\u00e4che des Prorektors f\u00fcr Lehre mit den Fachschaften und Fakult\u00e4tsleitungen durchgef\u00fchrt. Sie dienen einem regelm\u00e4\u00dfigen Austausch, inwiefern die vereinbarten Ma\u00dfnahmen erreicht [&hellip;]<\/p>\n","protected":false},"author":84,"featured_media":0,"comment_status":"open","ping_status":"open","sticky":false,"template":"","format":"standard","meta":{"c2c_always_allow_admin_comments":false,"footnotes":""},"categories":[1,6,148],"tags":[753,935,947],"class_list":["post-7394","post","type-post","status-publish","format-standard","hentry","category-allgemein","category-best-practice","category-fvs","tag-jahresgespraeche","tag-qualitaetssicherung","tag-rwth-lehre"],"_links":{"self":[{"href":"https:\/\/blog.rwth-aachen.de\/lehre\/wp-json\/wp\/v2\/posts\/7394","targetHints":{"allow":["GET"]}}],"collection":[{"href":"https:\/\/blog.rwth-aachen.de\/lehre\/wp-json\/wp\/v2\/posts"}],"about":[{"href":"https:\/\/blog.rwth-aachen.de\/lehre\/wp-json\/wp\/v2\/types\/post"}],"author":[{"embeddable":true,"href":"https:\/\/blog.rwth-aachen.de\/lehre\/wp-json\/wp\/v2\/users\/84"}],"replies":[{"embeddable":true,"href":"https:\/\/blog.rwth-aachen.de\/lehre\/wp-json\/wp\/v2\/comments?post=7394"}],"version-history":[{"count":4,"href":"https:\/\/blog.rwth-aachen.de\/lehre\/wp-json\/wp\/v2\/posts\/7394\/revisions"}],"predecessor-version":[{"id":7397,"href":"https:\/\/blog.rwth-aachen.de\/lehre\/wp-json\/wp\/v2\/posts\/7394\/revisions\/7397"}],"wp:attachment":[{"href":"https:\/\/blog.rwth-aachen.de\/lehre\/wp-json\/wp\/v2\/media?parent=7394"}],"wp:term":[{"taxonomy":"category","embeddable":true,"href":"https:\/\/blog.rwth-aachen.de\/lehre\/wp-json\/wp\/v2\/categories?post=7394"},{"taxonomy":"post_tag","embeddable":true,"href":"https:\/\/blog.rwth-aachen.de\/lehre\/wp-json\/wp\/v2\/tags?post=7394"}],"curies":[{"name":"wp","href":"https:\/\/api.w.org\/{rel}","templated":true}]}}