{"id":7538,"date":"2016-09-05T17:34:25","date_gmt":"2016-09-05T15:34:25","guid":{"rendered":"https:\/\/blog.rwth-aachen.de\/lehre\/?p=7538"},"modified":"2016-09-05T17:34:25","modified_gmt":"2016-09-05T15:34:25","slug":"entwicklung-professioneller-lehrerpersoenlichkeiten","status":"publish","type":"post","link":"https:\/\/blog.rwth-aachen.de\/lehre\/2016\/09\/05\/entwicklung-professioneller-lehrerpersoenlichkeiten\/","title":{"rendered":"Entwicklung professioneller Lehrerpers\u00f6nlichkeiten"},"content":{"rendered":"<p>Der <a href=\"http:\/\/www.lbz.rwth-aachen.de\/aw\/cms\/website\/~tyb\/AachenerDialog\/?lang=de\" target=\"_blank\">\u201eAachener Dialog zum Praxissemester\u201c<\/a> geht in die zweite Runde.<\/p>\n<p><strong>Wann?<\/strong> 23. September 2016, 9.30 bis 17 Uhr<\/p>\n<p><strong>Wo?<\/strong> Einhard Gymnasium und Zentrum f\u00fcr schulpraktische Lehrerausbildung Aachen<\/p>\n<p>Die Veranstaltung richtet sich insbesondere an Lehrende sowie Referendarinnen und Referendare in der Aachener Ausbildungsregion mit und ohne Erfahrung im Praxissemester. Das Angebot ist eine Kooperation aller am Praxissemester beteiligten Schulen, Zentren f\u00fcr schulpraktische Lehrerausbildung und dem Lehrerbildungszentrum der RWTH Aachen.<\/p>\n<p>Schwerpunkt der Veranstaltung ist die Lehrerprofessionalisierung. In fachbezogenen und \u00fcberfachlichen Workshops lernen die Teilnehmerinnen und Teilnehmer, wie Praxissemesterstudierende auf dem Weg zur Lehrerpers\u00f6nlichkeit unterst\u00fctzt werden k\u00f6nnen.<\/p>\n<p>F\u00fcr Lehrerinnen und Lehrer liegt die Veranstaltung im dienstlichen Interesse. Die Teilnahme ist kostenlos, f\u00fcr Verpflegung ist gesorgt.<\/p>\n<p>Eine <a href=\"http:\/\/cms.lbz.rwth-aachen.de\/umfragen\/index.php\/429512\/lang-de\" target=\"_blank\">Anmeldung <\/a>ist <strong>bis zum 8. September 2016<\/strong> m\u00f6glich.<\/p>\n<div class=\"twoclick_social_bookmarks_post_7538 social_share_privacy clearfix 1.6.4 locale-de_DE sprite-de_DE\"><\/div><div class=\"twoclick-js\"><script type=\"text\/javascript\">\/* <![CDATA[ *\/\njQuery(document).ready(function($){if($('.twoclick_social_bookmarks_post_7538')){$('.twoclick_social_bookmarks_post_7538').socialSharePrivacy({\"services\":{\"facebook\":{\"status\":\"on\",\"txt_info\":\"2 Klicks f\\u00fcr mehr Datenschutz: Erst wenn Sie hier klicken, wird der Button aktiv und Sie k\\u00f6nnen Ihre Empfehlung an Facebook senden. Schon beim Aktivieren werden Daten an Dritte \\u00fcbertragen - siehe <em>i<\\\/em>.\",\"perma_option\":\"off\",\"action\":\"like\",\"language\":\"de_DE\"},\"twitter\":{\"reply_to\":\"\",\"tweet_text\":\"%20Entwicklung%20professioneller%20Lehrerpers%C3%B6nlichkeiten%20%C2%BB%20Logbuch%20Lehre%20%23Lehrer%20...\",\"status\":\"on\",\"txt_info\":\"2 Klicks f\\u00fcr mehr Datenschutz: Erst wenn Sie hier klicken, wird der Button aktiv und Sie k\\u00f6nnen Ihre Empfehlung an Twitter senden. Schon beim Aktivieren werden Daten an Dritte \\u00fcbertragen - siehe <em>i<\\\/em>.\",\"perma_option\":\"off\",\"language\":\"de\",\"referrer_track\":\"\"},\"gplus\":{\"status\":\"on\",\"txt_info\":\"2 Klicks f\\u00fcr mehr Datenschutz: Erst wenn Sie hier klicken, wird der Button aktiv und Sie k\\u00f6nnen Ihre Empfehlung an Google+ senden. Schon beim Aktivieren werden Daten an Dritte \\u00fcbertragen - siehe <em>i<\\\/em>.\",\"perma_option\":\"off\",\"referrer_track\":\"\"}},\"txt_help\":\"Wenn Sie diese Felder durch einen Klick aktivieren, werden Informationen an Facebook, Twitter, Flattr, Xing, t3n, LinkedIn, Pinterest oder Google eventuell ins Ausland \\u00fcbertragen und unter Umst\\u00e4nden auch dort gespeichert. N\\u00e4heres erfahren Sie durch einen Klick auf das <em>i<\\\/em>.\",\"settings_perma\":\"Dauerhaft aktivieren und Daten\\u00fcber-tragung zustimmen:\",\"info_link\":\"http:\\\/\\\/www.heise.de\\\/ct\\\/artikel\\\/2-Klicks-fuer-mehr-Datenschutz-1333879.html\",\"uri\":\"https:\\\/\\\/blog.rwth-aachen.de\\\/lehre\\\/2016\\\/09\\\/05\\\/entwicklung-professioneller-lehrerpersoenlichkeiten\\\/\",\"post_id\":7538,\"post_title_referrer_track\":\"Entwicklung+professioneller+Lehrerpers%C3%B6nlichkeiten\",\"display_infobox\":\"on\"});}});\n\/* ]]> *\/<\/script><\/div>","protected":false},"excerpt":{"rendered":"<p>Der \u201eAachener Dialog zum Praxissemester\u201c geht in die zweite Runde. Wann? 23. September 2016, 9.30 bis 17 Uhr Wo? Einhard Gymnasium und Zentrum f\u00fcr schulpraktische Lehrerausbildung Aachen Die Veranstaltung richtet [&hellip;]<\/p>\n","protected":false},"author":497,"featured_media":0,"comment_status":"open","ping_status":"open","sticky":false,"template":"","format":"standard","meta":{"c2c_always_allow_admin_comments":false,"footnotes":""},"categories":[1],"tags":[956,277,13,236],"class_list":["post-7538","post","type-post","status-publish","format-standard","hentry","category-allgemein","tag-lehrer","tag-lehrer-ausbildung","tag-praxis","tag-rwth"],"_links":{"self":[{"href":"https:\/\/blog.rwth-aachen.de\/lehre\/wp-json\/wp\/v2\/posts\/7538","targetHints":{"allow":["GET"]}}],"collection":[{"href":"https:\/\/blog.rwth-aachen.de\/lehre\/wp-json\/wp\/v2\/posts"}],"about":[{"href":"https:\/\/blog.rwth-aachen.de\/lehre\/wp-json\/wp\/v2\/types\/post"}],"author":[{"embeddable":true,"href":"https:\/\/blog.rwth-aachen.de\/lehre\/wp-json\/wp\/v2\/users\/497"}],"replies":[{"embeddable":true,"href":"https:\/\/blog.rwth-aachen.de\/lehre\/wp-json\/wp\/v2\/comments?post=7538"}],"version-history":[{"count":2,"href":"https:\/\/blog.rwth-aachen.de\/lehre\/wp-json\/wp\/v2\/posts\/7538\/revisions"}],"predecessor-version":[{"id":7540,"href":"https:\/\/blog.rwth-aachen.de\/lehre\/wp-json\/wp\/v2\/posts\/7538\/revisions\/7540"}],"wp:attachment":[{"href":"https:\/\/blog.rwth-aachen.de\/lehre\/wp-json\/wp\/v2\/media?parent=7538"}],"wp:term":[{"taxonomy":"category","embeddable":true,"href":"https:\/\/blog.rwth-aachen.de\/lehre\/wp-json\/wp\/v2\/categories?post=7538"},{"taxonomy":"post_tag","embeddable":true,"href":"https:\/\/blog.rwth-aachen.de\/lehre\/wp-json\/wp\/v2\/tags?post=7538"}],"curies":[{"name":"wp","href":"https:\/\/api.w.org\/{rel}","templated":true}]}}