{"id":8589,"date":"2017-07-05T14:19:38","date_gmt":"2017-07-05T12:19:38","guid":{"rendered":"https:\/\/blog.rwth-aachen.de\/lehre\/?p=8589"},"modified":"2017-07-05T14:19:38","modified_gmt":"2017-07-05T12:19:38","slug":"der-delina-bildungspreis-2018-ist-ausgeschrieben","status":"publish","type":"post","link":"https:\/\/blog.rwth-aachen.de\/lehre\/2017\/07\/05\/der-delina-bildungspreis-2018-ist-ausgeschrieben\/","title":{"rendered":"Der delina-Bildungspreis 2018 ist ausgeschrieben"},"content":{"rendered":"<div class=\"documentDescription\" style=\"text-align: justify;\"><img loading=\"lazy\" decoding=\"async\" class=\"alignleft wp-image-8141\" src=\"https:\/\/blog.rwth-aachen.de\/lehre\/files\/2017\/03\/Piktogramm_Anmeldung.jpg\" alt=\"\" width=\"100\" height=\"100\" srcset=\"https:\/\/blog.rwth-aachen.de\/lehre\/files\/2017\/03\/Piktogramm_Anmeldung.jpg 236w, https:\/\/blog.rwth-aachen.de\/lehre\/files\/2017\/03\/Piktogramm_Anmeldung-150x150.jpg 150w, https:\/\/blog.rwth-aachen.de\/lehre\/files\/2017\/03\/Piktogramm_Anmeldung-50x50.jpg 50w\" sizes=\"auto, (max-width: 100px) 100vw, 100px\" \/>Die Ausschreibung f\u00fcr den Innovationspreis Digitale Bildung (delina) ist gestartet. Dort k\u00f6nnen sich Schulen, Hochschulen, Start-ups und Anbieter mit ihren innovativen Konzepten und Produkten im Bereich Digitale Bildung bewerben. Mit dem vom Branchenverband Bitkom e.V. ausgeschriebenen Preis sollen Trends und Ideen im Bereich digitales Lernen aufgegriffen, gef\u00f6rdert, sichtbar gemacht und gew\u00fcrdigt werden. Schirmherrin ist die <a href=\"https:\/\/www.bmbf.de\/\" target=\"_blank\" rel=\"noopener\">Bundesministerin f\u00fcr Bildung und Forschung<\/a> Prof. Dr. Johanna Wanka.<\/div>\n<p><!--more--><\/p>\n<div>\n<p style=\"text-align: justify;\">Der Innovationspreis f\u00fcr digitale Bildung \u201edelina\u201c wird seit 2014 Projekte in vier Kategorien verliehen:<\/p>\n<ul>\n<li class=\"item-default\">Fr\u00fchkindliche Bildung und Schule<\/li>\n<li class=\"item-default\">Hochschule<\/li>\n<li class=\"item-default\">Aus- und Weiterbildung<\/li>\n<li class=\"item-default\">Gesellschaft und lebenslanges Lernen<\/li>\n<\/ul>\n<p style=\"text-align: justify;\">\u00a0Die Ausschreibung f\u00fcr den delina 2018 ist noch bis zum <strong>16. Oktober 2017 <\/strong>offen.<\/p>\n<div style=\"text-align: justify;\">\n<div><img decoding=\"async\" class=\"alignright\" src=\"https:\/\/www.e-teaching.org\/news\/eteaching_blog\/der-delina-bildungspreis-2018-ist-ausgeschrieben\/@@download\/image\/delina%202018%20180.png\" \/><\/div>\n<\/div>\n<p style=\"text-align: justify;\">Bewerben k\u00f6nnen sich Lehrende in Bildungseinrichtungen, Sch\u00fcler und Studierende sowie Anwender, Start-up-Unternehmen und Anbieter. Neu in diesem Jahr ist, dass bei erfahrenen Anbietern \u00fcber 50 Mitarbeitern eine Teilnahmegeb\u00fchr von 150 \u20ac anf\u00e4llt. Gesucht sind Konzepte und Produkte, die sich durch eine gelungene Integration von innovativen Technologien und Medien in die Lernumgebung auszeichnen. Zu beachten ist, dass die Konzepte bei Einreichen nicht \u00e4lter als zwei Jahre sein d\u00fcrfen.<\/p>\n<p style=\"text-align: justify;\">Bewertet werden die Einreichungen von einer Jury bestehend aus mehr als 20 Bildungsexperten. Der delina 2018 f\u00fcr die Kategorien Hochschule, Aus- und Weiterbildung und Gesellschaft und lebenslanges Lernen wird im Rahmen der LearnTec am 30. Januar 2018 verliehen, der Preis f\u00fcr den Gewinner aus der Fr\u00fchkindlichen Bildung bei der Bitkom-Bildungskonferenz im M\u00e4rz 2018.<\/p>\n<hr \/>\n<p><img loading=\"lazy\" decoding=\"async\" class=\"alignleft wp-image-8153\" src=\"https:\/\/blog.rwth-aachen.de\/lehre\/files\/2017\/03\/Piktogramm_Info.jpg\" alt=\"\" width=\"45\" height=\"45\" srcset=\"https:\/\/blog.rwth-aachen.de\/lehre\/files\/2017\/03\/Piktogramm_Info.jpg 236w, https:\/\/blog.rwth-aachen.de\/lehre\/files\/2017\/03\/Piktogramm_Info-150x150.jpg 150w, https:\/\/blog.rwth-aachen.de\/lehre\/files\/2017\/03\/Piktogramm_Info-50x50.jpg 50w\" sizes=\"auto, (max-width: 45px) 100vw, 45px\" \/>Weitere Informationen k\u00f6nnen der <a href=\"https:\/\/www.bitkom.org\/Themen\/Bildung-Arbeit\/d-elina.html\" target=\"_blank\" rel=\"noopener\" data-linktype=\"external\" data-val=\"https:\/\/www.bitkom.org\/Themen\/Bildung-Arbeit\/d-elina.html\">offiziellen Webseite<\/a> entnommen werden.<\/p>\n<\/div>\n<div class=\"twoclick_social_bookmarks_post_8589 social_share_privacy clearfix 1.6.4 locale-de_DE sprite-de_DE\"><\/div><div class=\"twoclick-js\"><script type=\"text\/javascript\">\/* <![CDATA[ *\/\njQuery(document).ready(function($){if($('.twoclick_social_bookmarks_post_8589')){$('.twoclick_social_bookmarks_post_8589').socialSharePrivacy({\"services\":{\"facebook\":{\"status\":\"on\",\"txt_info\":\"2 Klicks f\\u00fcr mehr Datenschutz: Erst wenn Sie hier klicken, wird der Button aktiv und Sie k\\u00f6nnen Ihre Empfehlung an Facebook senden. Schon beim Aktivieren werden Daten an Dritte \\u00fcbertragen - siehe <em>i<\\\/em>.\",\"perma_option\":\"off\",\"action\":\"like\",\"language\":\"de_DE\"},\"twitter\":{\"reply_to\":\"\",\"tweet_text\":\"%20Der%20delina-Bildungspreis%202018%20ist%20ausgeschrieben%20%C2%BB%20Logbuch%20Lehre%20%23Bildungspreis%20...\",\"status\":\"on\",\"txt_info\":\"2 Klicks f\\u00fcr mehr Datenschutz: Erst wenn Sie hier klicken, wird der Button aktiv und Sie k\\u00f6nnen Ihre Empfehlung an Twitter senden. Schon beim Aktivieren werden Daten an Dritte \\u00fcbertragen - siehe <em>i<\\\/em>.\",\"perma_option\":\"off\",\"language\":\"de\",\"referrer_track\":\"\"},\"gplus\":{\"status\":\"on\",\"txt_info\":\"2 Klicks f\\u00fcr mehr Datenschutz: Erst wenn Sie hier klicken, wird der Button aktiv und Sie k\\u00f6nnen Ihre Empfehlung an Google+ senden. Schon beim Aktivieren werden Daten an Dritte \\u00fcbertragen - siehe <em>i<\\\/em>.\",\"perma_option\":\"off\",\"referrer_track\":\"\"},\"pinterest\":{\"status\":\"on\",\"the_excerpt\":\"Der delina-Bildungspreis 2018 ist ausgeschrieben\",\"txt_info\":\"2 Klicks f\\u00fcr mehr Datenschutz: Erst wenn Sie hier klicken, wird der Button aktiv und Sie k\\u00f6nnen Ihre Empfehlung an Pinterest senden. Schon beim Aktivieren werden Daten an Dritte \\u00fcbertragen - siehe <em>i<\\\/em>.\",\"perma_option\":\"off\",\"media\":\"https:\\\/\\\/blog.rwth-aachen.de\\\/lehre\\\/files\\\/2017\\\/03\\\/Piktogramm_Anmeldung.jpg\"}},\"txt_help\":\"Wenn Sie diese Felder durch einen Klick aktivieren, werden Informationen an Facebook, Twitter, Flattr, Xing, t3n, LinkedIn, Pinterest oder Google eventuell ins Ausland \\u00fcbertragen und unter Umst\\u00e4nden auch dort gespeichert. N\\u00e4heres erfahren Sie durch einen Klick auf das <em>i<\\\/em>.\",\"settings_perma\":\"Dauerhaft aktivieren und Daten\\u00fcber-tragung zustimmen:\",\"info_link\":\"http:\\\/\\\/www.heise.de\\\/ct\\\/artikel\\\/2-Klicks-fuer-mehr-Datenschutz-1333879.html\",\"uri\":\"https:\\\/\\\/blog.rwth-aachen.de\\\/lehre\\\/2017\\\/07\\\/05\\\/der-delina-bildungspreis-2018-ist-ausgeschrieben\\\/\",\"post_id\":8589,\"post_title_referrer_track\":\"Der+delina-Bildungspreis+2018+ist+ausgeschrieben\",\"display_infobox\":\"on\"});}});\n\/* ]]> *\/<\/script><\/div>","protected":false},"excerpt":{"rendered":"<p>Die Ausschreibung f\u00fcr den Innovationspreis Digitale Bildung (delina) ist gestartet. Dort k\u00f6nnen sich Schulen, Hochschulen, Start-ups und Anbieter mit ihren innovativen Konzepten und Produkten im Bereich Digitale Bildung bewerben. Mit [&hellip;]<\/p>\n","protected":false},"author":285,"featured_media":0,"comment_status":"open","ping_status":"open","sticky":false,"template":"","format":"standard","meta":{"c2c_always_allow_admin_comments":false,"footnotes":""},"categories":[1,5],"tags":[1031,989],"class_list":["post-8589","post","type-post","status-publish","format-standard","hentry","category-allgemein","category-e-learning-and-e-teaching","tag-bildungspreis","tag-delina"],"_links":{"self":[{"href":"https:\/\/blog.rwth-aachen.de\/lehre\/wp-json\/wp\/v2\/posts\/8589","targetHints":{"allow":["GET"]}}],"collection":[{"href":"https:\/\/blog.rwth-aachen.de\/lehre\/wp-json\/wp\/v2\/posts"}],"about":[{"href":"https:\/\/blog.rwth-aachen.de\/lehre\/wp-json\/wp\/v2\/types\/post"}],"author":[{"embeddable":true,"href":"https:\/\/blog.rwth-aachen.de\/lehre\/wp-json\/wp\/v2\/users\/285"}],"replies":[{"embeddable":true,"href":"https:\/\/blog.rwth-aachen.de\/lehre\/wp-json\/wp\/v2\/comments?post=8589"}],"version-history":[{"count":4,"href":"https:\/\/blog.rwth-aachen.de\/lehre\/wp-json\/wp\/v2\/posts\/8589\/revisions"}],"predecessor-version":[{"id":8593,"href":"https:\/\/blog.rwth-aachen.de\/lehre\/wp-json\/wp\/v2\/posts\/8589\/revisions\/8593"}],"wp:attachment":[{"href":"https:\/\/blog.rwth-aachen.de\/lehre\/wp-json\/wp\/v2\/media?parent=8589"}],"wp:term":[{"taxonomy":"category","embeddable":true,"href":"https:\/\/blog.rwth-aachen.de\/lehre\/wp-json\/wp\/v2\/categories?post=8589"},{"taxonomy":"post_tag","embeddable":true,"href":"https:\/\/blog.rwth-aachen.de\/lehre\/wp-json\/wp\/v2\/tags?post=8589"}],"curies":[{"name":"wp","href":"https:\/\/api.w.org\/{rel}","templated":true}]}}