{"id":1059,"date":"2013-02-18T12:22:32","date_gmt":"2013-02-18T10:22:32","guid":{"rendered":"http:\/\/www.wi.rwth-aachen.de\/SmartMed\/?p=1059"},"modified":"2013-02-18T12:22:32","modified_gmt":"2013-02-18T10:22:32","slug":"pilotprojekt-vitalig-im-alter-langer-zu-hause-leben","status":"publish","type":"post","link":"https:\/\/blog.rwth-aachen.de\/smartmed\/2013\/02\/18\/pilotprojekt-vitalig-im-alter-langer-zu-hause-leben\/","title":{"rendered":"Pilotprojekt Vitalig &#8211; Im Alter l\u00e4nger zu Hause leben"},"content":{"rendered":"<p>Ein neues Pilotprojekt der deutschen Telekom, in Zusammenarbeit mit der AOK Rheinland\/Hamburg, soll Senioren das Leben im eigenen Haus l\u00e4nger erm\u00f6glichen. Bei dem zun\u00e4chst auf zwei Jahre beschr\u00e4nkten Projekt &#8222;Vitalig&#8220; sollen 100 Senioren mit Bildtelefonen und speziell konfigurierten PCs ausgestattet werden, die sie im Alltag zu Hause unterst\u00fctzen sollen.<\/p>\n<p>Im Wesentlichen bestehe Vitalig aus einem einfach handzuhabenden Videotelefonie-System, mit dem sich teilnehmende Senioren vor allem mit Gesundheitsdienstleistern, aber auch mit Familienmitgliedern vernetzen k\u00f6nnen. Die beteiligten \u00c4rzte und Apotheken sowie ein Sanit\u00e4tshaus seien \u00fcber die Kommunikationsplattform verbunden. Desweiteren enthalte die Plattform ein rudiment\u00e4res Shop-System, mit dem die Teilnehmer direkt in Apotheken oder im Sanit\u00e4tshaus Waren bestellen k\u00f6nnen.<\/p>\n<p>Quelle:<br \/>\n<a href=\"http:\/\/www.heise.de\/newsticker\/meldung\/Pilotprojekt-fuer-assistiertes-Leben-im-Alter-1792880.html\">Heise Online<\/a>, 28.1.2013<\/p>\n","protected":false},"excerpt":{"rendered":"<p>Ein neues Pilotprojekt der deutschen Telekom, in Zusammenarbeit mit der AOK Rheinland\/Hamburg, soll Senioren das Leben im eigenen Haus l\u00e4nger erm\u00f6glichen. Bei dem zun\u00e4chst auf zwei Jahre beschr\u00e4nkten Projekt &#8222;Vitalig&#8220; [&hellip;]<\/p>\n","protected":false},"author":951,"featured_media":0,"comment_status":"open","ping_status":"open","sticky":false,"template":"","format":"standard","meta":{"c2c_always_allow_admin_comments":false,"footnotes":""},"categories":[6,7],"tags":[12,89],"class_list":["post-1059","post","type-post","status-publish","format-standard","hentry","category-patienten","category-pflege","tag-ambient-assisted-living-aal","tag-telemedizin"],"_links":{"self":[{"href":"https:\/\/blog.rwth-aachen.de\/smartmed\/wp-json\/wp\/v2\/posts\/1059","targetHints":{"allow":["GET"]}}],"collection":[{"href":"https:\/\/blog.rwth-aachen.de\/smartmed\/wp-json\/wp\/v2\/posts"}],"about":[{"href":"https:\/\/blog.rwth-aachen.de\/smartmed\/wp-json\/wp\/v2\/types\/post"}],"author":[{"embeddable":true,"href":"https:\/\/blog.rwth-aachen.de\/smartmed\/wp-json\/wp\/v2\/users\/951"}],"replies":[{"embeddable":true,"href":"https:\/\/blog.rwth-aachen.de\/smartmed\/wp-json\/wp\/v2\/comments?post=1059"}],"version-history":[{"count":0,"href":"https:\/\/blog.rwth-aachen.de\/smartmed\/wp-json\/wp\/v2\/posts\/1059\/revisions"}],"wp:attachment":[{"href":"https:\/\/blog.rwth-aachen.de\/smartmed\/wp-json\/wp\/v2\/media?parent=1059"}],"wp:term":[{"taxonomy":"category","embeddable":true,"href":"https:\/\/blog.rwth-aachen.de\/smartmed\/wp-json\/wp\/v2\/categories?post=1059"},{"taxonomy":"post_tag","embeddable":true,"href":"https:\/\/blog.rwth-aachen.de\/smartmed\/wp-json\/wp\/v2\/tags?post=1059"}],"curies":[{"name":"wp","href":"https:\/\/api.w.org\/{rel}","templated":true}]}}