{"id":1386,"date":"2013-06-28T09:34:47","date_gmt":"2013-06-28T07:34:47","guid":{"rendered":"http:\/\/www.wi.rwth-aachen.de\/SmartMed\/?p=1386"},"modified":"2013-06-28T09:34:47","modified_gmt":"2013-06-28T07:34:47","slug":"us-krankenversicherung-will-gesundheitsdaten-nutzbar-machen","status":"publish","type":"post","link":"https:\/\/blog.rwth-aachen.de\/smartmed\/2013\/06\/28\/us-krankenversicherung-will-gesundheitsdaten-nutzbar-machen\/","title":{"rendered":"US-Krankenversicherung will Gesundheitsdaten nutzbar machen"},"content":{"rendered":"<p>Mit Hilfe einer neuen App sollen Gesundheitsdaten der US-Krankenversicherung Aetna f\u00fcr Verbraucher, Unternehmen und \u00c4rzte nutzbar gemacht werden.<\/p>\n<p>Daten medizinischer Tracking-Ger\u00e4te und &#8211; sofern dies gew\u00fcnscht ist &#8211; Patientenakten k\u00f6nnten \u00fcber das Programm &#8222;CarePass&#8220; gespeichert werden.<\/p>\n<p>Die App k\u00f6nne medizinische Daten von Arztbesuchen und Medikamenten-Rezepten erfassen und zus\u00e4tzlich im Sinne des &#8222;Quantifed-Self&#8220; genutzt werden. Eine Software leite aus diesen Daten Symptome und Diagnosen ab. Au\u00dferdem seien verschiedene Datenschnittstellen enthalten, \u00fcber die die Gesundheitsdaten auch f\u00fcr Dritte zug\u00e4nglich w\u00fcrden.<\/p>\n<p>Quelle:<br \/>\n<a href=\"http:\/\/www.heise.de\/newsticker\/meldung\/Krankenversicherung-will-mit-Gesundheits-App-Geld-sparen-1895654.html\">Heise Online<\/a>, 25.6.2013<\/p>\n","protected":false},"excerpt":{"rendered":"<p>Mit Hilfe einer neuen App sollen Gesundheitsdaten der US-Krankenversicherung Aetna f\u00fcr Verbraucher, Unternehmen und \u00c4rzte nutzbar gemacht werden. Daten medizinischer Tracking-Ger\u00e4te und &#8211; sofern dies gew\u00fcnscht ist &#8211; Patientenakten k\u00f6nnten [&hellip;]<\/p>\n","protected":false},"author":951,"featured_media":0,"comment_status":"open","ping_status":"open","sticky":false,"template":"","format":"standard","meta":{"c2c_always_allow_admin_comments":false,"footnotes":""},"categories":[6],"tags":[36,66],"class_list":["post-1386","post","type-post","status-publish","format-standard","hentry","category-patienten","tag-datenschutz","tag-krankenkasse"],"_links":{"self":[{"href":"https:\/\/blog.rwth-aachen.de\/smartmed\/wp-json\/wp\/v2\/posts\/1386","targetHints":{"allow":["GET"]}}],"collection":[{"href":"https:\/\/blog.rwth-aachen.de\/smartmed\/wp-json\/wp\/v2\/posts"}],"about":[{"href":"https:\/\/blog.rwth-aachen.de\/smartmed\/wp-json\/wp\/v2\/types\/post"}],"author":[{"embeddable":true,"href":"https:\/\/blog.rwth-aachen.de\/smartmed\/wp-json\/wp\/v2\/users\/951"}],"replies":[{"embeddable":true,"href":"https:\/\/blog.rwth-aachen.de\/smartmed\/wp-json\/wp\/v2\/comments?post=1386"}],"version-history":[{"count":0,"href":"https:\/\/blog.rwth-aachen.de\/smartmed\/wp-json\/wp\/v2\/posts\/1386\/revisions"}],"wp:attachment":[{"href":"https:\/\/blog.rwth-aachen.de\/smartmed\/wp-json\/wp\/v2\/media?parent=1386"}],"wp:term":[{"taxonomy":"category","embeddable":true,"href":"https:\/\/blog.rwth-aachen.de\/smartmed\/wp-json\/wp\/v2\/categories?post=1386"},{"taxonomy":"post_tag","embeddable":true,"href":"https:\/\/blog.rwth-aachen.de\/smartmed\/wp-json\/wp\/v2\/tags?post=1386"}],"curies":[{"name":"wp","href":"https:\/\/api.w.org\/{rel}","templated":true}]}}