{"id":1965,"date":"2014-08-30T15:42:19","date_gmt":"2014-08-30T13:42:19","guid":{"rendered":"http:\/\/www.wi.rwth-aachen.de\/SmartMed\/?p=1965"},"modified":"2014-08-30T15:42:19","modified_gmt":"2014-08-30T13:42:19","slug":"apotheker-fordern-zusammenarbeit-auf-augenhoehe","status":"publish","type":"post","link":"https:\/\/blog.rwth-aachen.de\/smartmed\/2014\/08\/30\/apotheker-fordern-zusammenarbeit-auf-augenhoehe\/","title":{"rendered":"Apotheker fordern Zusammenarbeit auf Augenh\u00f6he"},"content":{"rendered":"<p>F\u00fcr die Umsetzung des Medikationsmanagements werde, laut ABDA-Pr\u00e4sident, ein Entgegenkommen seitens der \u00c4rzte gefordert. Man w\u00fcrde eine Kooperation und Zusammenarbeit auf Augenh\u00f6he erwarten.<\/p>\n<p>Zentral sei beim Medikationsmanagement nach wie vor die Zusammenarbeit mit den \u00c4rzten, allerdings verfolge man einen multiprofessionellen Ansatz, zu welchem auch Pflegekr\u00e4fte z\u00e4hlen w\u00fcrden. Jede Gruppe des therapeutischen Teams stelle ein gleichberechtigter Teil der Gruppe dar.<\/p>\n<p>Man wolle deshalb weiter verst\u00e4rkt auf \u00c4rzteorganisationen zugehen.<\/p>\n<p>Quelle:<br \/>\n<a href=\"http:\/\/www.deutsche-apotheker-zeitung.de\/politik\/news\/2014\/08\/20\/schmidt-apotheker-sind-keine-hilfskraefte\/13614.html\">DAZ.online<\/a>, 20.08.2014<\/p>\n","protected":false},"excerpt":{"rendered":"<p>F\u00fcr die Umsetzung des Medikationsmanagements werde, laut ABDA-Pr\u00e4sident, ein Entgegenkommen seitens der \u00c4rzte gefordert. Man w\u00fcrde eine Kooperation und Zusammenarbeit auf Augenh\u00f6he erwarten. Zentral sei beim Medikationsmanagement nach wie vor [&hellip;]<\/p>\n","protected":false},"author":1018,"featured_media":0,"comment_status":"open","ping_status":"open","sticky":false,"template":"","format":"standard","meta":{"c2c_always_allow_admin_comments":false,"footnotes":""},"categories":[2,3],"tags":[70],"class_list":["post-1965","post","type-post","status-publish","format-standard","hentry","category-apotheker","category-aerzte","tag-medikationsmanagement"],"_links":{"self":[{"href":"https:\/\/blog.rwth-aachen.de\/smartmed\/wp-json\/wp\/v2\/posts\/1965","targetHints":{"allow":["GET"]}}],"collection":[{"href":"https:\/\/blog.rwth-aachen.de\/smartmed\/wp-json\/wp\/v2\/posts"}],"about":[{"href":"https:\/\/blog.rwth-aachen.de\/smartmed\/wp-json\/wp\/v2\/types\/post"}],"author":[{"embeddable":true,"href":"https:\/\/blog.rwth-aachen.de\/smartmed\/wp-json\/wp\/v2\/users\/1018"}],"replies":[{"embeddable":true,"href":"https:\/\/blog.rwth-aachen.de\/smartmed\/wp-json\/wp\/v2\/comments?post=1965"}],"version-history":[{"count":0,"href":"https:\/\/blog.rwth-aachen.de\/smartmed\/wp-json\/wp\/v2\/posts\/1965\/revisions"}],"wp:attachment":[{"href":"https:\/\/blog.rwth-aachen.de\/smartmed\/wp-json\/wp\/v2\/media?parent=1965"}],"wp:term":[{"taxonomy":"category","embeddable":true,"href":"https:\/\/blog.rwth-aachen.de\/smartmed\/wp-json\/wp\/v2\/categories?post=1965"},{"taxonomy":"post_tag","embeddable":true,"href":"https:\/\/blog.rwth-aachen.de\/smartmed\/wp-json\/wp\/v2\/tags?post=1965"}],"curies":[{"name":"wp","href":"https:\/\/api.w.org\/{rel}","templated":true}]}}