{"id":2226,"date":"2015-04-07T11:05:13","date_gmt":"2015-04-07T09:05:13","guid":{"rendered":"http:\/\/www.wi.rwth-aachen.de\/SmartMed\/?p=2226"},"modified":"2015-04-07T11:05:13","modified_gmt":"2015-04-07T09:05:13","slug":"neuer-gesundheitspakt-fuer-hessen","status":"publish","type":"post","link":"https:\/\/blog.rwth-aachen.de\/smartmed\/2015\/04\/07\/neuer-gesundheitspakt-fuer-hessen\/","title":{"rendered":"Neuer Gesundheitspakt f\u00fcr Hessen"},"content":{"rendered":"<p>Im Gesundheitspakt 2.0 der Landesregierung Hessen geh\u00f6ren zu den 15-Paktpartnern auch der Landesapothekerverband (LAV) und die Landesapothekerkammer (LAK) Hessen. Der Hessische Gesundheitsminister Stefan Gr\u00fcttner sehe diese Kooperationsform und ein gemeinsamses Vorgehen als wesentlicher Bestandteil, um bedarfsgerechte medizinische Versorgung zu leisten.<\/p>\n<p>Dazu werden Fortbildungen f\u00fcr Gesundheit- und Pflegeberufe angeboten, fach\u00fcbergreifende Gesundheitszentren geschaffen und ein Medikationsplan erarbeitet. Der neue Pakt solle aber vor allem die Arbeit zwischen \u00c4rzten und Apothekern f\u00f6rdern und ma\u00dfgeblich die Effektivit\u00e4t der Arzneimitteltherapie verbessern, wie Kammerpr\u00e4sidentin Ursula Funke bekannt gab.<\/p>\n<p>Quelle:<br \/>\n<a href=\"http:\/\/www.deutsche-apotheker-zeitung.de\/politik\/news\/2015\/03\/24\/apotheker-mit-im-boot\/15376.html\">DAZ.online<\/a>, 24.03.2015<\/p>\n","protected":false},"excerpt":{"rendered":"<p>Im Gesundheitspakt 2.0 der Landesregierung Hessen geh\u00f6ren zu den 15-Paktpartnern auch der Landesapothekerverband (LAV) und die Landesapothekerkammer (LAK) Hessen. Der Hessische Gesundheitsminister Stefan Gr\u00fcttner sehe diese Kooperationsform und ein gemeinsamses [&hellip;]<\/p>\n","protected":false},"author":1018,"featured_media":0,"comment_status":"open","ping_status":"open","sticky":false,"template":"","format":"standard","meta":{"c2c_always_allow_admin_comments":false,"footnotes":""},"categories":[2,3,7],"tags":[20,35,70],"class_list":["post-2226","post","type-post","status-publish","format-standard","hentry","category-apotheker","category-aerzte","category-pflege","tag-apothekerschaft","tag-compliance","tag-medikationsmanagement"],"_links":{"self":[{"href":"https:\/\/blog.rwth-aachen.de\/smartmed\/wp-json\/wp\/v2\/posts\/2226","targetHints":{"allow":["GET"]}}],"collection":[{"href":"https:\/\/blog.rwth-aachen.de\/smartmed\/wp-json\/wp\/v2\/posts"}],"about":[{"href":"https:\/\/blog.rwth-aachen.de\/smartmed\/wp-json\/wp\/v2\/types\/post"}],"author":[{"embeddable":true,"href":"https:\/\/blog.rwth-aachen.de\/smartmed\/wp-json\/wp\/v2\/users\/1018"}],"replies":[{"embeddable":true,"href":"https:\/\/blog.rwth-aachen.de\/smartmed\/wp-json\/wp\/v2\/comments?post=2226"}],"version-history":[{"count":0,"href":"https:\/\/blog.rwth-aachen.de\/smartmed\/wp-json\/wp\/v2\/posts\/2226\/revisions"}],"wp:attachment":[{"href":"https:\/\/blog.rwth-aachen.de\/smartmed\/wp-json\/wp\/v2\/media?parent=2226"}],"wp:term":[{"taxonomy":"category","embeddable":true,"href":"https:\/\/blog.rwth-aachen.de\/smartmed\/wp-json\/wp\/v2\/categories?post=2226"},{"taxonomy":"post_tag","embeddable":true,"href":"https:\/\/blog.rwth-aachen.de\/smartmed\/wp-json\/wp\/v2\/tags?post=2226"}],"curies":[{"name":"wp","href":"https:\/\/api.w.org\/{rel}","templated":true}]}}