{"id":3625,"date":"2019-08-02T11:07:50","date_gmt":"2019-08-02T09:07:50","guid":{"rendered":"https:\/\/blog.rwth-aachen.de\/smartmed\/?p=3625"},"modified":"2020-04-08T10:25:49","modified_gmt":"2020-04-08T08:25:49","slug":"ambulante-pflege-darf-bei-digitalisierung-nicht-vergessen-werden","status":"publish","type":"post","link":"https:\/\/blog.rwth-aachen.de\/smartmed\/2019\/08\/02\/ambulante-pflege-darf-bei-digitalisierung-nicht-vergessen-werden\/","title":{"rendered":"Ambulante Pflege darf bei Digitalisierung nicht vergessen werden"},"content":{"rendered":"\n<p class=\"wp-block-paragraph\">Der Verband Katholischer Altenhilfe in Deutschland fordert,\ndass auch die ambulante Pflege bei der Digitalisierung ber\u00fccksichtigt werden\nmuss. So d\u00fcrfe die Bundesregierung nicht nur die station\u00e4re Pflege bei der\nEinf\u00fchrung digitaler Techniken unterst\u00fctzen. Die Verordnung f\u00fcr eine bessere\nVersorgung durch Digitalisierung und Innovation m\u00fcsse auch in der h\u00e4uslichen\nKrankenpflege umgesetzt werden. Dadurch k\u00f6nnte auch hier B\u00fcrokratie abgebaut\nund Patienten schneller unterst\u00fctzt werden.<\/p>\n\n\n\n<p class=\"wp-block-paragraph\">Quelle: <a href=\"https:\/\/www.aerzteblatt.de\/nachrichten\/105063\/Ambulante-Pflege-bei-Digitalisierung-nicht-vergessen\">https:\/\/www.aerzteblatt.de\/nachrichten\/105063\/Ambulante-Pflege-bei-Digitalisierung-nicht-vergessen<\/a>,\n2. August 2019<\/p>\n","protected":false},"excerpt":{"rendered":"<p>Der Verband Katholischer Altenhilfe in Deutschland fordert, dass auch die ambulante Pflege bei der Digitalisierung ber\u00fccksichtigt werden muss. So d\u00fcrfe die Bundesregierung nicht nur die station\u00e4re Pflege bei der Einf\u00fchrung [&hellip;]<\/p>\n","protected":false},"author":1009,"featured_media":0,"comment_status":"open","ping_status":"open","sticky":false,"template":"","format":"standard","meta":{"c2c_always_allow_admin_comments":false,"footnotes":""},"categories":[1,7],"tags":[13,39,106,116,88],"class_list":["post-3625","post","type-post","status-publish","format-standard","hentry","category-allgemein","category-pflege","tag-ambulante-pflege","tag-digitales-gesundheitswesen","tag-digitalisierung","tag-pflege","tag-stationaere-pflege"],"_links":{"self":[{"href":"https:\/\/blog.rwth-aachen.de\/smartmed\/wp-json\/wp\/v2\/posts\/3625","targetHints":{"allow":["GET"]}}],"collection":[{"href":"https:\/\/blog.rwth-aachen.de\/smartmed\/wp-json\/wp\/v2\/posts"}],"about":[{"href":"https:\/\/blog.rwth-aachen.de\/smartmed\/wp-json\/wp\/v2\/types\/post"}],"author":[{"embeddable":true,"href":"https:\/\/blog.rwth-aachen.de\/smartmed\/wp-json\/wp\/v2\/users\/1009"}],"replies":[{"embeddable":true,"href":"https:\/\/blog.rwth-aachen.de\/smartmed\/wp-json\/wp\/v2\/comments?post=3625"}],"version-history":[{"count":1,"href":"https:\/\/blog.rwth-aachen.de\/smartmed\/wp-json\/wp\/v2\/posts\/3625\/revisions"}],"predecessor-version":[{"id":3626,"href":"https:\/\/blog.rwth-aachen.de\/smartmed\/wp-json\/wp\/v2\/posts\/3625\/revisions\/3626"}],"wp:attachment":[{"href":"https:\/\/blog.rwth-aachen.de\/smartmed\/wp-json\/wp\/v2\/media?parent=3625"}],"wp:term":[{"taxonomy":"category","embeddable":true,"href":"https:\/\/blog.rwth-aachen.de\/smartmed\/wp-json\/wp\/v2\/categories?post=3625"},{"taxonomy":"post_tag","embeddable":true,"href":"https:\/\/blog.rwth-aachen.de\/smartmed\/wp-json\/wp\/v2\/tags?post=3625"}],"curies":[{"name":"wp","href":"https:\/\/api.w.org\/{rel}","templated":true}]}}