{"id":3822,"date":"2020-10-26T15:10:10","date_gmt":"2020-10-26T14:10:10","guid":{"rendered":"https:\/\/blog.rwth-aachen.de\/smartmed\/?p=3822"},"modified":"2020-10-26T16:51:44","modified_gmt":"2020-10-26T15:51:44","slug":"start-der-elektronischen-patientenakte-als-erweiterter-feldtest","status":"publish","type":"post","link":"https:\/\/blog.rwth-aachen.de\/smartmed\/2020\/10\/26\/start-der-elektronischen-patientenakte-als-erweiterter-feldtest\/","title":{"rendered":"Start der elektronischen Patientenakte als \u201eerweiterter Feldtest\u201c"},"content":{"rendered":"<p>Laut Lars Gottwald, Leiter des Business Teams bei der gematik, soll der Start der elektronischen Patientenakte zum Jahresbeginn 2021 als \u201eerweiterter Feldtest\u201c beginnen. Gottwald ist zuversichtlich, dass seitens der gematik alle notwendigen technischen Voraussetzungen bis dahin abgeschlossen sein k\u00f6nnten. Der Feldtest solle im 2. Quartal 2021 ausgeweitet werden.<\/p>\n<p>Im Zusammenhang mit der elektronischen Patientenakte solle auch die elektronische Gesundheitskarte weiterentwickelt werden. Laut Christian Klose, Unterabteilungsleiter \u201eTelematik, Gematik und E-Health\u201c im Bundesgesundheitsministeriums, soll eine \u201ePatientenkurzakte\u201c mit Basisdaten auf der Karte gespeichert werden k\u00f6nnen. Diese solle nur von \u00c4rzten bearbeitet werden k\u00f6nnen.<\/p>\n<p>Quelle: <a href=\"https:\/\/www.aerzteblatt.de\/nachrichten\/117432\/Elektronische-Patientenakte-startet-als-erweiterter-Feldtest\">https:\/\/www.aerzteblatt.de\/nachrichten\/117432\/Elektronische-Patientenakte-startet-als-erweiterter-Feldtest<\/a>, 26. Oktober 2020<\/p>\n","protected":false},"excerpt":{"rendered":"<p>Laut Lars Gottwald, Leiter des Business Teams bei der gematik, soll der Start der elektronischen Patientenakte zum Jahresbeginn 2021 als \u201eerweiterter Feldtest\u201c beginnen. Gottwald ist zuversichtlich, dass seitens der gematik [&hellip;]<\/p>\n","protected":false},"author":1009,"featured_media":0,"comment_status":"open","ping_status":"open","sticky":false,"template":"","format":"standard","meta":{"c2c_always_allow_admin_comments":false,"footnotes":""},"categories":[1,3,6],"tags":[135,39,41,47,49,58,59],"class_list":["post-3822","post","type-post","status-publish","format-standard","hentry","category-allgemein","category-aerzte","category-patienten","tag-arzt","tag-digitales-gesundheitswesen","tag-e-health","tag-elektronische-gesundheitskarte-egk","tag-elektronische-patientenakte-epa","tag-gematik","tag-gesundheitsdaten"],"_links":{"self":[{"href":"https:\/\/blog.rwth-aachen.de\/smartmed\/wp-json\/wp\/v2\/posts\/3822","targetHints":{"allow":["GET"]}}],"collection":[{"href":"https:\/\/blog.rwth-aachen.de\/smartmed\/wp-json\/wp\/v2\/posts"}],"about":[{"href":"https:\/\/blog.rwth-aachen.de\/smartmed\/wp-json\/wp\/v2\/types\/post"}],"author":[{"embeddable":true,"href":"https:\/\/blog.rwth-aachen.de\/smartmed\/wp-json\/wp\/v2\/users\/1009"}],"replies":[{"embeddable":true,"href":"https:\/\/blog.rwth-aachen.de\/smartmed\/wp-json\/wp\/v2\/comments?post=3822"}],"version-history":[{"count":3,"href":"https:\/\/blog.rwth-aachen.de\/smartmed\/wp-json\/wp\/v2\/posts\/3822\/revisions"}],"predecessor-version":[{"id":3826,"href":"https:\/\/blog.rwth-aachen.de\/smartmed\/wp-json\/wp\/v2\/posts\/3822\/revisions\/3826"}],"wp:attachment":[{"href":"https:\/\/blog.rwth-aachen.de\/smartmed\/wp-json\/wp\/v2\/media?parent=3822"}],"wp:term":[{"taxonomy":"category","embeddable":true,"href":"https:\/\/blog.rwth-aachen.de\/smartmed\/wp-json\/wp\/v2\/categories?post=3822"},{"taxonomy":"post_tag","embeddable":true,"href":"https:\/\/blog.rwth-aachen.de\/smartmed\/wp-json\/wp\/v2\/tags?post=3822"}],"curies":[{"name":"wp","href":"https:\/\/api.w.org\/{rel}","templated":true}]}}