{"id":4645,"date":"2025-06-30T15:54:40","date_gmt":"2025-06-30T13:54:40","guid":{"rendered":"https:\/\/blog.rwth-aachen.de\/smartmed\/?p=4645"},"modified":"2025-09-15T15:59:37","modified_gmt":"2025-09-15T13:59:37","slug":"epa-kritik-fortschritte-und-zukunftsperspektiven","status":"publish","type":"post","link":"https:\/\/blog.rwth-aachen.de\/smartmed\/2025\/06\/30\/epa-kritik-fortschritte-und-zukunftsperspektiven\/","title":{"rendered":"ePA: Kritik, Fortschritte und Zukunftsperspektiven"},"content":{"rendered":"<p>Die elektronische Patientenakte (ePA) wurde vor rund sechs Monaten zun\u00e4chst in Testgebieten und seit Ende April bundesweit eingef\u00fchrt. Beim Hauptstadtkongress Medizin und Gesundheit (HSK) in Berlin zogen Experten aus der Medizin und Zivilgesellschaft eine nicht einheitliche Zwischenbilanz. Dr. Florian Fuhrmann von der gematik, die f\u00fcr die Digitalisierung im Gesundheitswesen verantwortlich ist, \u00e4u\u00dferte Zufriedenheit mit dem bisherigen Verlauf. Seine Beurteilung wurde von zwei \u00c4rzten gest\u00fctzt.<\/p>\n<p>Kritik kam unter anderem von Dr. Sybille Steiner von der Kassen\u00e4rztlichen Bundesvereinigung. Sie bem\u00e4ngelte fehlende Funktionen wie eine Volltextsuche, da aktuell nur PDF-Dateien hochgeladen werden k\u00f6nnen, was die Arbeit erschwert. Zudem seien noch rund 20 Prozent der \u00c4rztinnen und \u00c4rzte von der ePA ausgeschlossen, da ihnen die notwendigen Module in den Praxisverwaltungssystemen (PVS) fehlen oder noch nicht freigeschaltet wurden.<\/p>\n<p>Auch Bianca Kastl vom Chaos Computer Club (CCC) \u00e4u\u00dferte sich kritisch und bezeichnete den Start als \u201eausbauf\u00e4hig\u201c. Der CCC hatte bereits zuvor auf Sicherheitsl\u00fccken hingewiesen.<\/p>\n<p>Ab dem 1. Oktober soll die Nutzung der ePA verpflichtend f\u00fcr alle Arztpraxen sein. Problematisch ist, dass es in Deutschland rund 130 PVS-Anbieter gibt, deren Systeme nicht alle mit der ePA kompatibel sind. Die gematik plant daher eine Konformit\u00e4tsbewertung \u2013 nur zertifizierte Systeme sollen k\u00fcnftig abrechnungsf\u00e4hig sein.<\/p>\n<p>Fuhrmann sieht die ePA in f\u00fcnf Jahren im medizinischen Alltag fest verankert. Langfristig k\u00f6nne auch K\u00fcnstliche Intelligenz integriert werden, um Informationen automatisch zu b\u00fcndeln \u2013 vorausgesetzt, der Gesetzgeber schafft passende Rahmenbedingungen.<\/p>\n<p><a href=\"https:\/\/www.apotheken-umschau.de\/gesundheitspolitik\/elektronische-patientenakte-zwischenbilanz-nach-sechs-monaten-mit-der-epa-1352865.html\" target=\"_blank\" rel=\"noopener\">https:\/\/www.apotheken-umschau.de\/gesundheitspolitik\/elektronische-patientenakte-zwischenbilanz-nach-sechs-monaten-mit-der-epa-1352865.html<\/a><\/p>\n<p>(zuletzt aufgerufen 27.06)<\/p>\n","protected":false},"excerpt":{"rendered":"<p>Die elektronische Patientenakte (ePA) wurde vor rund sechs Monaten zun\u00e4chst in Testgebieten und seit Ende April bundesweit eingef\u00fchrt. Beim Hauptstadtkongress Medizin und Gesundheit (HSK) in Berlin zogen Experten aus der [&hellip;]<\/p>\n","protected":false},"author":3125,"featured_media":0,"comment_status":"open","ping_status":"open","sticky":false,"template":"","format":"standard","meta":{"c2c_always_allow_admin_comments":false,"footnotes":""},"categories":[1,3,4,6,147],"tags":[39,49,58],"class_list":["post-4645","post","type-post","status-publish","format-standard","hentry","category-allgemein","category-aerzte","category-krankenhaus","category-patienten","category-politik","tag-digitales-gesundheitswesen","tag-elektronische-patientenakte-epa","tag-gematik"],"_links":{"self":[{"href":"https:\/\/blog.rwth-aachen.de\/smartmed\/wp-json\/wp\/v2\/posts\/4645","targetHints":{"allow":["GET"]}}],"collection":[{"href":"https:\/\/blog.rwth-aachen.de\/smartmed\/wp-json\/wp\/v2\/posts"}],"about":[{"href":"https:\/\/blog.rwth-aachen.de\/smartmed\/wp-json\/wp\/v2\/types\/post"}],"author":[{"embeddable":true,"href":"https:\/\/blog.rwth-aachen.de\/smartmed\/wp-json\/wp\/v2\/users\/3125"}],"replies":[{"embeddable":true,"href":"https:\/\/blog.rwth-aachen.de\/smartmed\/wp-json\/wp\/v2\/comments?post=4645"}],"version-history":[{"count":2,"href":"https:\/\/blog.rwth-aachen.de\/smartmed\/wp-json\/wp\/v2\/posts\/4645\/revisions"}],"predecessor-version":[{"id":4650,"href":"https:\/\/blog.rwth-aachen.de\/smartmed\/wp-json\/wp\/v2\/posts\/4645\/revisions\/4650"}],"wp:attachment":[{"href":"https:\/\/blog.rwth-aachen.de\/smartmed\/wp-json\/wp\/v2\/media?parent=4645"}],"wp:term":[{"taxonomy":"category","embeddable":true,"href":"https:\/\/blog.rwth-aachen.de\/smartmed\/wp-json\/wp\/v2\/categories?post=4645"},{"taxonomy":"post_tag","embeddable":true,"href":"https:\/\/blog.rwth-aachen.de\/smartmed\/wp-json\/wp\/v2\/tags?post=4645"}],"curies":[{"name":"wp","href":"https:\/\/api.w.org\/{rel}","templated":true}]}}