{"id":1,"date":"2023-02-08T10:23:00","date_gmt":"2023-02-08T09:23:00","guid":{"rendered":"https:\/\/blog.rwth-aachen.de\/trauerbuchrk\/?p=1"},"modified":"2023-02-12T22:15:24","modified_gmt":"2023-02-12T21:15:24","slug":"thoughts","status":"publish","type":"post","link":"https:\/\/blog.rwth-aachen.de\/trauerbuchrk\/2023\/02\/08\/thoughts\/","title":{"rendered":"Trauerbuch"},"content":{"rendered":"<p>Best\u00fcrzt und in tiefer Trauer muss die Fachgruppe Informatik bekanntgeben, dass unser \u00e4u\u00dferst gesch\u00e4tzter Kollege PD. Dr. Ralf Klamma am 23. Januar 2023 verstorben ist.<\/p>\n<p>Ralf Klamma war \u00fcber viele Jahre Teil unserer Fachgruppe. Bis zuletzt leitete er die Forschungsgruppe Advanced Community Information Systems (ACIS) des Lehrstuhls f\u00fcr Informatik 5 (Informationssysteme und Datenbanken).<\/p>\n<p>Sein Tod ersch\u00fcttert uns zutiefst und hinterl\u00e4sst eine tiefe L\u00fccke in unserer Mitte. Wir behalten Ralf Klamma als gesch\u00e4tzten Forscher, begeisterten Dozenten und Entrepreneur mit tief empfundener Dankbarkeit in Erinnerung.<\/p>\n<p>Seiner Familie, inbesondere seiner Frau und Kindern, m\u00f6chten wir zu dem unermesslichen Verlust unser tief empfundenes Beileid bekunden.<\/p>\n<p><strong>Sie k\u00f6nnen Ihre Gedanken zu Ralf Klamma gerne hier hinterlassen.<\/strong><\/p>\n<p><script type=\"text\/javascript\">\njQuery(document).ready(function() {\ndocument.getElementById('content').getElementsByClassName('post').item(0).getElementsByClassName('fliesstext_klein').item(0).remove();\ndocument.getElementById('content').getElementsByClassName('post').item(0).getElementsByClassName('postmetadata').item(0).remove();\nvar list = document.getElementsByClassName('commentlist').item(0)\nvar replyButtons = list.getElementsByClassName('reply');\nfor(var i=0; i<replyButtons.length; i++){\n\tlist.getElementsByClassName('reply').item(i).style.visibility = 'hidden';\n}\n});\n<\/script><\/p>","protected":false},"excerpt":{"rendered":"<p>Best\u00fcrzt und in tiefer Trauer muss die Fachgruppe Informatik bekanntgeben, dass unser \u00e4u\u00dferst gesch\u00e4tzter Kollege PD. Dr. Ralf Klamma am 23. Januar 2023 verstorben ist. Ralf Klamma war \u00fcber viele [&hellip;]<\/p>\n","protected":false},"author":2634,"featured_media":0,"comment_status":"open","ping_status":"open","sticky":false,"template":"","format":"standard","meta":{"c2c_always_allow_admin_comments":false,"footnotes":""},"categories":[1],"tags":[],"class_list":["post-1","post","type-post","status-publish","format-standard","hentry","category-allgemein"],"_links":{"self":[{"href":"https:\/\/blog.rwth-aachen.de\/trauerbuchrk\/wp-json\/wp\/v2\/posts\/1","targetHints":{"allow":["GET"]}}],"collection":[{"href":"https:\/\/blog.rwth-aachen.de\/trauerbuchrk\/wp-json\/wp\/v2\/posts"}],"about":[{"href":"https:\/\/blog.rwth-aachen.de\/trauerbuchrk\/wp-json\/wp\/v2\/types\/post"}],"author":[{"embeddable":true,"href":"https:\/\/blog.rwth-aachen.de\/trauerbuchrk\/wp-json\/wp\/v2\/users\/2634"}],"replies":[{"embeddable":true,"href":"https:\/\/blog.rwth-aachen.de\/trauerbuchrk\/wp-json\/wp\/v2\/comments?post=1"}],"version-history":[{"count":7,"href":"https:\/\/blog.rwth-aachen.de\/trauerbuchrk\/wp-json\/wp\/v2\/posts\/1\/revisions"}],"predecessor-version":[{"id":26,"href":"https:\/\/blog.rwth-aachen.de\/trauerbuchrk\/wp-json\/wp\/v2\/posts\/1\/revisions\/26"}],"wp:attachment":[{"href":"https:\/\/blog.rwth-aachen.de\/trauerbuchrk\/wp-json\/wp\/v2\/media?parent=1"}],"wp:term":[{"taxonomy":"category","embeddable":true,"href":"https:\/\/blog.rwth-aachen.de\/trauerbuchrk\/wp-json\/wp\/v2\/categories?post=1"},{"taxonomy":"post_tag","embeddable":true,"href":"https:\/\/blog.rwth-aachen.de\/trauerbuchrk\/wp-json\/wp\/v2\/tags?post=1"}],"curies":[{"name":"wp","href":"https:\/\/api.w.org\/{rel}","templated":true}]}}